{"id":242009,"date":"2025-07-09T19:09:22","date_gmt":"2025-07-09T17:09:22","guid":{"rendered":"https:\/\/lebusmagique.ch\/soiree-de-fin-dannee-a-labarc-vernier-juin-2024-copie-svgd\/"},"modified":"2025-07-09T20:31:41","modified_gmt":"2025-07-09T18:31:41","slug":"soiree-de-fin-dannee-a-la-mqsj-juin-2025","status":"publish","type":"post","link":"https:\/\/lebusmagique.ch\/soiree-de-fin-dannee-a-la-mqsj-juin-2025\/","title":{"rendered":"Soir\u00e9e de fin d\u2019ann\u00e9e \u00e0 la MQSJ \u2013 juin 2025"},"content":{"rendered":"<p>[gkelmt_built_section bb_built=\u00a0\u00bb1&Prime; _built_version=\u00a0\u00bb4.5.1&Prime; box_shadow_horizontal_tablet=\u00a0\u00bb0px\u00a0\u00bb box_shadow_vertical_tablet=\u00a0\u00bb0px\u00a0\u00bb box_shadow_blur_tablet=\u00a0\u00bb40px\u00a0\u00bb box_shadow_spread_tablet=\u00a0\u00bb0px\u00a0\u00bb vertical_offsgkelmt_tablet=\u00a0\u00bb0&Prime; horizontal_offsgkelmt_tablet=\u00a0\u00bb0&Prime; z_index_tablet=\u00a0\u00bb0&Prime; next_background_color=\u00a0\u00bb#000000&Prime;][gkelmt_built_row use_custom_gkgap=\u00a0\u00bbon\u00a0\u00bb gkgap_width=\u00a0\u00bb1&Prime; make_equal=\u00a0\u00bbon\u00a0\u00bb _built_version=\u00a0\u00bb4.8.1&Prime; vertical_offsgkelmt_tablet=\u00a0\u00bb0&Prime; horizontal_offsgkelmt_tablet=\u00a0\u00bb0&Prime; hover_enabled=\u00a0\u00bb0&Prime; z_index_tablet=\u00a0\u00bb500&Prime; box_shadow_horizontal_tablet=\u00a0\u00bb0px\u00a0\u00bb box_shadow_vertical_tablet=\u00a0\u00bb0px\u00a0\u00bb box_shadow_blur_tablet=\u00a0\u00bb40px\u00a0\u00bb box_shadow_spread_tablet=\u00a0\u00bb0px\u00a0\u00bb module_class=\u00a0\u00bbgaleries-bus-magique\u00a0\u00bb][gkelmt_built_column type=\u00a0\u00bb4_4&Prime; _built_version=\u00a0\u00bb3.0.47&Prime; custom_padding=\u00a0\u00bb|||\u00a0\u00bb hover_enabled=\u00a0\u00bb0&Prime; custom_padding__hover=\u00a0\u00bb|||\u00a0\u00bb][gkelmt_built_code admin_label=\u00a0\u00bbCode &#8211; cr\u00e9dit photos\u00a0\u00bb _built_version=\u00a0\u00bb4.27.0&Prime; box_shadow_horizontal_tablet=\u00a0\u00bb0px\u00a0\u00bb box_shadow_vertical_tablet=\u00a0\u00bb0px\u00a0\u00bb box_shadow_blur_tablet=\u00a0\u00bb40px\u00a0\u00bb box_shadow_spread_tablet=\u00a0\u00bb0px\u00a0\u00bb vertical_offsgkelmt_tablet=\u00a0\u00bb0&Prime; horizontal_offsgkelmt_tablet=\u00a0\u00bb0&Prime; z_index_tablet=\u00a0\u00bb0&Prime; disabled_on=\u00a0\u00bboff||\u00a0\u00bb disabled=\u00a0\u00bboff\u00a0\u00bb background_pattern_color=\u00a0\u00bbrgba(0,0,0,0.2)\u00a0\u00bb background_mask_color=\u00a0\u00bb#ffffff\u00a0\u00bb]<pee>Photos \u00a9 Jacques Apoth\u00e9loz<\/pee><!-- [gkelmt_built_line_break_holder] --><!-- [gkelmt_built_line_break_holder] --><pee>Pour commander des photos :<!\u2013- [gkelmt_built_br_holder] -\u2013><!-- [gkelmt_built_line_break_holder] -->Mentionnez le nom du groupe et le num\u00e9ro de la photo et envoyez un courriel \u00e0 <a href=\"mailto:jacquesap64@gmail.com\">jacquesap64@gmail.com<\/a><\/pee>[\/gkelmt_built_code][gkelmt_built_gallery admin_label=\u00a0\u00bbGalerie &#8211; contient les images\u00a0\u00bb gallery_ids=\u00a0\u00bb242012,242013,242014,242015,242016,242017,242018,242019,242020,242021,242022,242023,242024,242025,242026,242027,242028,242029,242030,242031,242032,242033,242034,242035,242036,242037,242038,242039,242040,242041,242042,242043,242044,242045,242046,242047,242048,242049,242050,242051,242052,242053,242054,242055,242056,242057,242058,242059,242060,242061,242062,242063,242064,242065,242066,242067,242068,242069,242070,242071,242072,242073,242074,242075,242076,242077,242078,242079,242080,242081,242082,242083,242084,242085,242086,242087,242088,242089,242090,242091,242092,242093,242094,242095,242096,242097,242098,242099,242100,242101,242102,242103,242104,242105,242106,242107,242108,242109,242110,242111,242112,242113,242114,242115,242116,242117,242118,242119,242120,242121,242122,242123,242124,242125,242126,242127,242128,242129,242130,242131,242132,242133,242134,242135,242136,242137,242138,242139,242140,242141,242142,242143,242144,242145,242146,242147,242148,242149,242150,242151,242152,242153,242154,242155,242156,242157,242158,242159,242160,242161,242162,242163,242164,242165,242166,242167,242168,242169,242170,242171,242172,242173,242174,242175,242176,242177,242178,242179,242180,242181,242182,242183,242184,242185,242186,242187,242188,242189,242190,242191,242192,242193,242194,242195,242196,242197,242198,242199,242200,242201,242202,242203,242204,242205,242206,242207,242208,242209,242210,242211,242212,242213,242214,242215,242216,242217,242218,242219,242220,242221,242222,242223,242224,242225,242226,242227,242228,242229,242230,242231,242232,242233,242234,242235,242236,242237,242238,242239,242240,242241,242242,242243,242244,242245,242246,242247,242248,242249,242250,242251,242252,242253&Prime; posts_number=\u00a0\u00bb24&Prime; show_title_and_caption=\u00a0\u00bboff\u00a0\u00bb zoom_icon_color=\u00a0\u00bb#fdfdfd\u00a0\u00bb hover_overlay_color=\u00a0\u00bbrgba(0,158,224,0.35)\u00a0\u00bb hover_icon=\u00a0\u00bb%%15%%\u00a0\u00bb _built_version=\u00a0\u00bb4.27.4&Prime; hover_enabled=\u00a0\u00bb0&Prime; z_index_tablet=\u00a0\u00bb500&Prime; title_text_shadow_horizontal_length=\u00a0\u00bbtitle_text_shadow_style,%91object Object%93&Prime; title_text_shadow_vertical_length=\u00a0\u00bbtitle_text_shadow_style,%91object Object%93&Prime; title_text_shadow_blur_strength=\u00a0\u00bbtitle_text_shadow_style,%91object Object%93&Prime; caption_text_shadow_horizontal_length=\u00a0\u00bbcaption_text_shadow_style,%91object Object%93&Prime; caption_text_shadow_vertical_length=\u00a0\u00bbcaption_text_shadow_style,%91object Object%93&Prime; caption_text_shadow_blur_strength=\u00a0\u00bbcaption_text_shadow_style,%91object Object%93&Prime; pagination_text_shadow_horizontal_length=\u00a0\u00bbpagination_text_shadow_style,%91object Object%93&Prime; pagination_text_shadow_vertical_length=\u00a0\u00bbpagination_text_shadow_style,%91object Object%93&Prime; pagination_text_shadow_blur_strength=\u00a0\u00bbpagination_text_shadow_style,%91object Object%93&Prime; box_shadow_horizontal_tablet=\u00a0\u00bb0px\u00a0\u00bb box_shadow_vertical_tablet=\u00a0\u00bb0px\u00a0\u00bb box_shadow_blur_tablet=\u00a0\u00bb40px\u00a0\u00bb box_shadow_spread_tablet=\u00a0\u00bb0px\u00a0\u00bb box_shadow_horizontal_image_tablet=\u00a0\u00bb0px\u00a0\u00bb box_shadow_vertical_image_tablet=\u00a0\u00bb0px\u00a0\u00bb box_shadow_blur_image_tablet=\u00a0\u00bb40px\u00a0\u00bb box_shadow_spread_image_tablet=\u00a0\u00bb0px\u00a0\u00bb text_shadow_horizontal_length=\u00a0\u00bbtext_shadow_style,%91object Object%93&Prime; text_shadow_vertical_length=\u00a0\u00bbtext_shadow_style,%91object Object%93&Prime; text_shadow_blur_strength=\u00a0\u00bbtext_shadow_style,%91object Object%93&Prime; vertical_offsgkelmt_tablet=\u00a0\u00bb0&Prime; horizontal_offsgkelmt_tablet=\u00a0\u00bb0&Prime; saved_tabs=\u00a0\u00bball\u00a0\u00bb background_pattern_color=\u00a0\u00bbrgba(0,0,0,0.2)\u00a0\u00bb background_mask_color=\u00a0\u00bb#ffffff\u00a0\u00bb \/][\/gkelmt_built_column][\/gkelmt_built_row][\/gkelmt_built_section][gkelmt_built_section bb_built=\u00a0\u00bb1&Prime; prev_background_color=\u00a0\u00bb#000000&Prime; _built_version=\u00a0\u00bb4.8.1&Prime; box_shadow_horizontal_tablet=\u00a0\u00bb0px\u00a0\u00bb box_shadow_vertical_tablet=\u00a0\u00bb0px\u00a0\u00bb box_shadow_blur_tablet=\u00a0\u00bb40px\u00a0\u00bb box_shadow_spread_tablet=\u00a0\u00bb0px\u00a0\u00bb module_id=\u00a0\u00bbliens_prev_next_articles\u00a0\u00bb vertical_offsgkelmt_tablet=\u00a0\u00bb0&Prime; horizontal_offsgkelmt_tablet=\u00a0\u00bb0&Prime; z_index_tablet=\u00a0\u00bb0&Prime; inner_width=\u00a0\u00bbauto\u00a0\u00bb inner_max_width=\u00a0\u00bb1080px\u00a0\u00bb global_module=\u00a0\u00bb238799&Prime;][gkelmt_built_row global_parent=\u00a0\u00bb238799&Prime; background_position=\u00a0\u00bbtop_left\u00a0\u00bb background_repeat=\u00a0\u00bbrepeat\u00a0\u00bb background_size=\u00a0\u00bbinitial\u00a0\u00bb width=\u00a0\u00bb80%\u00a0\u00bb max_width=\u00a0\u00bb1080px\u00a0\u00bb][gkelmt_built_column type=\u00a0\u00bb1_2&Prime; global_parent=\u00a0\u00bb238799&Prime; custom_padding__hover=\u00a0\u00bb|||\u00a0\u00bb custom_padding=\u00a0\u00bb|||\u00a0\u00bb][gkelmt_built_post_nav admin_label=\u00a0\u00bbNavigation dans les posts &#8211; lien-post-precedent\u00a0\u00bb global_parent=\u00a0\u00bb238799&Prime; _built_version=\u00a0\u00bb4.8.1&Prime; prev_text=\u00a0\u00bb%title \u00a0\u00bb in_same_term=\u00a0\u00bbon\u00a0\u00bb title_text_shadow_horizontal_length=\u00a0\u00bbtitle_text_shadow_style,%91object Object%93&Prime; title_text_shadow_horizontal_length_tablet=\u00a0\u00bb0px\u00a0\u00bb title_text_shadow_vertical_length=\u00a0\u00bbtitle_text_shadow_style,%91object Object%93&Prime; title_text_shadow_vertical_length_tablet=\u00a0\u00bb0px\u00a0\u00bb title_text_shadow_blur_strength=\u00a0\u00bbtitle_text_shadow_style,%91object Object%93&Prime; title_text_shadow_blur_strength_tablet=\u00a0\u00bb1px\u00a0\u00bb box_shadow_horizontal_tablet=\u00a0\u00bb0px\u00a0\u00bb box_shadow_vertical_tablet=\u00a0\u00bb0px\u00a0\u00bb box_shadow_blur_tablet=\u00a0\u00bb40px\u00a0\u00bb box_shadow_spread_tablet=\u00a0\u00bb0px\u00a0\u00bb vertical_offsgkelmt_tablet=\u00a0\u00bb0&Prime; horizontal_offsgkelmt_tablet=\u00a0\u00bb0&Prime; z_index_tablet=\u00a0\u00bb0&Prime; show_next=\u00a0\u00bboff\u00a0\u00bb module_class=\u00a0\u00bblien-post-precedent\u00a0\u00bb \/][\/gkelmt_built_column][gkelmt_built_column type=\u00a0\u00bb1_2&Prime; global_parent=\u00a0\u00bb238799&Prime; custom_padding__hover=\u00a0\u00bb|||\u00a0\u00bb custom_padding=\u00a0\u00bb|||\u00a0\u00bb][gkelmt_built_post_nav admin_label=\u00a0\u00bbNavigation dans les posts &#8211; lien-post-suivant\u00a0\u00bb global_parent=\u00a0\u00bb238799&Prime; _built_version=\u00a0\u00bb4.8.1&Prime; next_text=\u00a0\u00bb%title \u00a0\u00bb in_same_term=\u00a0\u00bbon\u00a0\u00bb title_text_shadow_horizontal_length=\u00a0\u00bbtitle_text_shadow_style,%91object Object%93&Prime; title_text_shadow_horizontal_length_tablet=\u00a0\u00bb0px\u00a0\u00bb title_text_shadow_vertical_length=\u00a0\u00bbtitle_text_shadow_style,%91object Object%93&Prime; title_text_shadow_vertical_length_tablet=\u00a0\u00bb0px\u00a0\u00bb title_text_shadow_blur_strength=\u00a0\u00bbtitle_text_shadow_style,%91object Object%93&Prime; title_text_shadow_blur_strength_tablet=\u00a0\u00bb1px\u00a0\u00bb box_shadow_horizontal_tablet=\u00a0\u00bb0px\u00a0\u00bb box_shadow_vertical_tablet=\u00a0\u00bb0px\u00a0\u00bb box_shadow_blur_tablet=\u00a0\u00bb40px\u00a0\u00bb box_shadow_spread_tablet=\u00a0\u00bb0px\u00a0\u00bb vertical_offsgkelmt_tablet=\u00a0\u00bb0&Prime; horizontal_offsgkelmt_tablet=\u00a0\u00bb0&Prime; z_index_tablet=\u00a0\u00bb0&Prime; show_prev=\u00a0\u00bboff\u00a0\u00bb module_class=\u00a0\u00bblien-post-suivant\u00a0\u00bb \/][\/gkelmt_built_column][\/gkelmt_built_row][\/gkelmt_built_section]<\/p>\n","protected":false},"excerpt":{"rendered":"","protected":false},"author":1,"featured_media":242258,"comment_status":"closed","ping_status":"closed","sticky":false,"template":"","format":"standard","meta":{"_gkelmt_built_use_built":"on","_gkelmt_built_old_content":"","_gkelmt_gb_content_width":"","footnotes":""},"categories":[5],"tags":[],"class_list":["post-242009","post","type-post","status-publish","format-standard","has-post-thumbnail","hentry","category-live-abarc"],"seo_gk_head":"<!-- This site is optimized with the Yoast SEO plugin v27.5 - https:\/\/yoast.com\/product\/yoast-seo-wordpress\/ -->\n<title>Le Bus Magique &#062; Soir\u00e9e de fin d\u2019ann\u00e9e \u00e0 la MQSJ \u2013 juin 2025<\/title>\n<meta name=\"description\" content=\"Le Bus Magique \u2013 \u00c9cole d\u2019ateliers de musique actuelle &gt; Galerie photos : Soire\u0301e de fin d&#039;anne\u0301e \u00e0 la MQSJ - juin 2025\" \/>\n<meta name=\"robots\" content=\"index, follow, max-snippet:-1, max-image-preview:large, max-video-preview:-1\" \/>\n<link rel=\"canonical\" href=\"https:\/\/lebusmagique.ch\/soiree-de-fin-dannee-a-la-mqsj-juin-2025\/\" \/>\n<meta property=\"og:locale\" content=\"fr_FR\" \/>\n<meta property=\"og:type\" content=\"article\" \/>\n<meta property=\"og:title\" content=\"Le Bus Magique &#062; Soir\u00e9e de fin d\u2019ann\u00e9e \u00e0 la MQSJ \u2013 juin 2025\" \/>\n<meta property=\"og:description\" content=\"Le Bus Magique \u2013 \u00c9cole d\u2019ateliers de musique actuelle &gt; Galerie photos : Soire\u0301e de fin d&#039;anne\u0301e \u00e0 la MQSJ - juin 2025\" \/>\n<meta property=\"og:url\" content=\"https:\/\/lebusmagique.ch\/soiree-de-fin-dannee-a-la-mqsj-juin-2025\/\" \/>\n<meta property=\"og:site_name\" content=\"Le Bus Magique\" \/>\n<meta property=\"article:publisher\" content=\"https:\/\/www.facebook.com\/Le-Bus-Magique-152529228104932\/\" \/>\n<meta property=\"article:published_time\" content=\"2025-07-09T17:09:22+00:00\" \/>\n<meta property=\"article:modified_time\" content=\"2025-07-09T18:31:41+00:00\" \/>\n<meta property=\"og:image\" content=\"https:\/\/lebusmagique.ch\/imagesgk\/2025\/07\/Les-Bus-Magique-14.06.25-96-blog.jpg\" \/>\n\t<meta property=\"og:image:width\" content=\"640\" \/>\n\t<meta property=\"og:image:height\" content=\"640\" \/>\n\t<meta property=\"og:image:type\" content=\"image\/jpeg\" \/>\n<meta name=\"author\" content=\"WebMaster\" \/>\n<meta name=\"twitter:card\" content=\"summary_large_image\" \/>\n<meta name=\"twitter:label1\" content=\"\u00c9crit par\" \/>\n\t<meta name=\"twitter:data1\" content=\"WebMaster\" \/>\n\t<meta name=\"twitter:label2\" content=\"Dur\u00e9e de lecture estim\u00e9e\" \/>\n\t<meta name=\"twitter:data2\" content=\"49 minutes\" \/>\n<script type=\"application\/ld+json\" class=\"seo_gk-schema-graph\">{\"@context\":\"https:\\\/\\\/schema.org\",\"@graph\":[{\"@type\":\"Article\",\"@id\":\"https:\\\/\\\/lebusmagique.ch\\\/soiree-de-fin-dannee-a-la-mqsj-juin-2025\\\/#article\",\"isPartOf\":{\"@id\":\"https:\\\/\\\/lebusmagique.ch\\\/soiree-de-fin-dannee-a-la-mqsj-juin-2025\\\/\"},\"author\":{\"name\":\"WebMaster\",\"@id\":\"https:\\\/\\\/lebusmagique.ch\\\/#\\\/schema\\\/person\\\/7f663a4a08c5d8d38289ccd552acba6c\"},\"headline\":\"Soir\u00e9e de fin d\u2019ann\u00e9e \u00e0 la MQSJ \u2013 juin 2025\",\"datePublished\":\"2025-07-09T17:09:22+00:00\",\"dateModified\":\"2025-07-09T18:31:41+00:00\",\"mainEntityOfPage\":{\"@id\":\"https:\\\/\\\/lebusmagique.ch\\\/soiree-de-fin-dannee-a-la-mqsj-juin-2025\\\/\"},\"wordCount\":757,\"publisher\":{\"@id\":\"https:\\\/\\\/lebusmagique.ch\\\/#organization\"},\"image\":{\"@id\":\"https:\\\/\\\/lebusmagique.ch\\\/soiree-de-fin-dannee-a-la-mqsj-juin-2025\\\/#primaryimage\"},\"thumbnailUrl\":\"https:\\\/\\\/lebusmagique.ch\\\/contenusgk\\\/uploads\\\/2025\\\/07\\\/Les-Bus-Magique-14.06.25-96-blog.jpg\",\"articleSection\":[\"Live @ l'ABARC\"],\"inLanguage\":\"fr-FR\"},{\"@type\":\"WebPage\",\"@id\":\"https:\\\/\\\/lebusmagique.ch\\\/soiree-de-fin-dannee-a-la-mqsj-juin-2025\\\/\",\"url\":\"https:\\\/\\\/lebusmagique.ch\\\/soiree-de-fin-dannee-a-la-mqsj-juin-2025\\\/\",\"name\":\"Le Bus Magique &#062; Soir\u00e9e de fin d\u2019ann\u00e9e \u00e0 la MQSJ \u2013 juin 2025\",\"isPartOf\":{\"@id\":\"https:\\\/\\\/lebusmagique.ch\\\/#website\"},\"primaryImageOfPage\":{\"@id\":\"https:\\\/\\\/lebusmagique.ch\\\/soiree-de-fin-dannee-a-la-mqsj-juin-2025\\\/#primaryimage\"},\"image\":{\"@id\":\"https:\\\/\\\/lebusmagique.ch\\\/soiree-de-fin-dannee-a-la-mqsj-juin-2025\\\/#primaryimage\"},\"thumbnailUrl\":\"https:\\\/\\\/lebusmagique.ch\\\/contenusgk\\\/uploads\\\/2025\\\/07\\\/Les-Bus-Magique-14.06.25-96-blog.jpg\",\"datePublished\":\"2025-07-09T17:09:22+00:00\",\"dateModified\":\"2025-07-09T18:31:41+00:00\",\"description\":\"Le Bus Magique \u2013 \u00c9cole d\u2019ateliers de musique actuelle > Galerie photos : Soire\u0301e de fin d'anne\u0301e \u00e0 la MQSJ - juin 2025\",\"breadcrumb\":{\"@id\":\"https:\\\/\\\/lebusmagique.ch\\\/soiree-de-fin-dannee-a-la-mqsj-juin-2025\\\/#breadcrumb\"},\"inLanguage\":\"fr-FR\",\"potentialAction\":[{\"@type\":\"ReadAction\",\"target\":[\"https:\\\/\\\/lebusmagique.ch\\\/soiree-de-fin-dannee-a-la-mqsj-juin-2025\\\/\"]}]},{\"@type\":\"ImageObject\",\"inLanguage\":\"fr-FR\",\"@id\":\"https:\\\/\\\/lebusmagique.ch\\\/soiree-de-fin-dannee-a-la-mqsj-juin-2025\\\/#primaryimage\",\"url\":\"https:\\\/\\\/lebusmagique.ch\\\/contenusgk\\\/uploads\\\/2025\\\/07\\\/Les-Bus-Magique-14.06.25-96-blog.jpg\",\"contentUrl\":\"https:\\\/\\\/lebusmagique.ch\\\/contenusgk\\\/uploads\\\/2025\\\/07\\\/Les-Bus-Magique-14.06.25-96-blog.jpg\",\"width\":640,\"height\":640},{\"@type\":\"BreadcrumbList\",\"@id\":\"https:\\\/\\\/lebusmagique.ch\\\/soiree-de-fin-dannee-a-la-mqsj-juin-2025\\\/#breadcrumb\",\"itemListElement\":[{\"@type\":\"ListItem\",\"position\":1,\"name\":\"Accueil\",\"item\":\"https:\\\/\\\/lebusmagique.ch\\\/\"},{\"@type\":\"ListItem\",\"position\":2,\"name\":\"Soir\u00e9e de fin d\u2019ann\u00e9e \u00e0 la MQSJ \u2013 juin 2025\"}]},{\"@type\":\"WebSite\",\"@id\":\"https:\\\/\\\/lebusmagique.ch\\\/#website\",\"url\":\"https:\\\/\\\/lebusmagique.ch\\\/\",\"name\":\"Le Bus Magique\",\"description\":\"\u00c9cole d\u2019ateliers de musique actuelle\",\"publisher\":{\"@id\":\"https:\\\/\\\/lebusmagique.ch\\\/#organization\"},\"potentialAction\":[{\"@type\":\"SearchAction\",\"target\":{\"@type\":\"EntryPoint\",\"urlTemplate\":\"https:\\\/\\\/lebusmagique.ch\\\/?s={search_term_string}\"},\"query-input\":{\"@type\":\"PropertyValueSpecification\",\"valueRequired\":true,\"valueName\":\"search_term_string\"}}],\"inLanguage\":\"fr-FR\"},{\"@type\":\"Organization\",\"@id\":\"https:\\\/\\\/lebusmagique.ch\\\/#organization\",\"name\":\"Le Bus Magique\",\"url\":\"https:\\\/\\\/lebusmagique.ch\\\/\",\"logo\":{\"@type\":\"ImageObject\",\"inLanguage\":\"fr-FR\",\"@id\":\"https:\\\/\\\/lebusmagique.ch\\\/#\\\/schema\\\/logo\\\/image\\\/\",\"url\":\"https:\\\/\\\/lebusmagique.ch\\\/contenusgk\\\/uploads\\\/2020\\\/07\\\/logo_bus_magique.png\",\"contentUrl\":\"https:\\\/\\\/lebusmagique.ch\\\/contenusgk\\\/uploads\\\/2020\\\/07\\\/logo_bus_magique.png\",\"width\":300,\"height\":300,\"caption\":\"Le Bus Magique\"},\"image\":{\"@id\":\"https:\\\/\\\/lebusmagique.ch\\\/#\\\/schema\\\/logo\\\/image\\\/\"},\"sameAs\":[\"https:\\\/\\\/www.facebook.com\\\/Le-Bus-Magique-152529228104932\\\/\",\"https:\\\/\\\/www.instagram.com\\\/le_bus_magique\\\/?hl=fr\"]},{\"@type\":\"Person\",\"@id\":\"https:\\\/\\\/lebusmagique.ch\\\/#\\\/schema\\\/person\\\/7f663a4a08c5d8d38289ccd552acba6c\",\"name\":\"WebMaster\",\"image\":{\"@type\":\"ImageObject\",\"inLanguage\":\"fr-FR\",\"@id\":\"https:\\\/\\\/secure.gravatar.com\\\/avatar\\\/47ea711331446c0a0498a5d6f89ef04fcd956c7e1c2e7bbd44fdec048ff579ba?s=96&d=mm&r=g\",\"url\":\"https:\\\/\\\/secure.gravatar.com\\\/avatar\\\/47ea711331446c0a0498a5d6f89ef04fcd956c7e1c2e7bbd44fdec048ff579ba?s=96&d=mm&r=g\",\"contentUrl\":\"https:\\\/\\\/secure.gravatar.com\\\/avatar\\\/47ea711331446c0a0498a5d6f89ef04fcd956c7e1c2e7bbd44fdec048ff579ba?s=96&d=mm&r=g\",\"caption\":\"WebMaster\"}}]}<\/script>\n<!-- \/ Yoast SEO plugin. -->","seo_gk_head_json":{"title":"Le Bus Magique &#062; Soir\u00e9e de fin d\u2019ann\u00e9e \u00e0 la MQSJ \u2013 juin 2025","description":"Le Bus Magique \u2013 \u00c9cole d\u2019ateliers de musique actuelle > Galerie photos : Soire\u0301e de fin d'anne\u0301e \u00e0 la MQSJ - juin 2025","robots":{"index":"index","follow":"follow","max-snippet":"max-snippet:-1","max-image-preview":"max-image-preview:large","max-video-preview":"max-video-preview:-1"},"canonical":"https:\/\/lebusmagique.ch\/soiree-de-fin-dannee-a-la-mqsj-juin-2025\/","og_locale":"fr_FR","og_type":"article","og_title":"Le Bus Magique &#062; Soir\u00e9e de fin d\u2019ann\u00e9e \u00e0 la MQSJ \u2013 juin 2025","og_description":"Le Bus Magique \u2013 \u00c9cole d\u2019ateliers de musique actuelle > Galerie photos : Soire\u0301e de fin d'anne\u0301e \u00e0 la MQSJ - juin 2025","og_url":"https:\/\/lebusmagique.ch\/soiree-de-fin-dannee-a-la-mqsj-juin-2025\/","og_site_name":"Le Bus Magique","article_publisher":"https:\/\/www.facebook.com\/Le-Bus-Magique-152529228104932\/","article_published_time":"2025-07-09T17:09:22+00:00","article_modified_time":"2025-07-09T18:31:41+00:00","og_image":[{"width":640,"height":640,"url":"https:\/\/lebusmagique.ch\/imagesgk\/2025\/07\/Les-Bus-Magique-14.06.25-96-blog.jpg","type":"image\/jpeg"}],"author":"WebMaster","twitter_card":"summary_large_image","twitter_misc":{"\u00c9crit par":"WebMaster","Dur\u00e9e de lecture estim\u00e9e":"49 minutes"},"schema":{"@context":"https:\/\/schema.org","@graph":[{"@type":"Article","@id":"https:\/\/lebusmagique.ch\/soiree-de-fin-dannee-a-la-mqsj-juin-2025\/#article","isPartOf":{"@id":"https:\/\/lebusmagique.ch\/soiree-de-fin-dannee-a-la-mqsj-juin-2025\/"},"author":{"name":"WebMaster","@id":"https:\/\/lebusmagique.ch\/#\/schema\/person\/7f663a4a08c5d8d38289ccd552acba6c"},"headline":"Soir\u00e9e de fin d\u2019ann\u00e9e \u00e0 la MQSJ \u2013 juin 2025","datePublished":"2025-07-09T17:09:22+00:00","dateModified":"2025-07-09T18:31:41+00:00","mainEntityOfPage":{"@id":"https:\/\/lebusmagique.ch\/soiree-de-fin-dannee-a-la-mqsj-juin-2025\/"},"wordCount":757,"publisher":{"@id":"https:\/\/lebusmagique.ch\/#organization"},"image":{"@id":"https:\/\/lebusmagique.ch\/soiree-de-fin-dannee-a-la-mqsj-juin-2025\/#primaryimage"},"thumbnailUrl":"https:\/\/lebusmagique.ch\/imagesgk\/2025\/07\/Les-Bus-Magique-14.06.25-96-blog.jpg","articleSection":["Live @ l'ABARC"],"inLanguage":"fr-FR"},{"@type":"WebPage","@id":"https:\/\/lebusmagique.ch\/soiree-de-fin-dannee-a-la-mqsj-juin-2025\/","url":"https:\/\/lebusmagique.ch\/soiree-de-fin-dannee-a-la-mqsj-juin-2025\/","name":"Le Bus Magique &#062; Soir\u00e9e de fin d\u2019ann\u00e9e \u00e0 la MQSJ \u2013 juin 2025","isPartOf":{"@id":"https:\/\/lebusmagique.ch\/#website"},"primaryImageOfPage":{"@id":"https:\/\/lebusmagique.ch\/soiree-de-fin-dannee-a-la-mqsj-juin-2025\/#primaryimage"},"image":{"@id":"https:\/\/lebusmagique.ch\/soiree-de-fin-dannee-a-la-mqsj-juin-2025\/#primaryimage"},"thumbnailUrl":"https:\/\/lebusmagique.ch\/imagesgk\/2025\/07\/Les-Bus-Magique-14.06.25-96-blog.jpg","datePublished":"2025-07-09T17:09:22+00:00","dateModified":"2025-07-09T18:31:41+00:00","description":"Le Bus Magique \u2013 \u00c9cole d\u2019ateliers de musique actuelle > Galerie photos : Soire\u0301e de fin d'anne\u0301e \u00e0 la MQSJ - juin 2025","breadcrumb":{"@id":"https:\/\/lebusmagique.ch\/soiree-de-fin-dannee-a-la-mqsj-juin-2025\/#breadcrumb"},"inLanguage":"fr-FR","potentialAction":[{"@type":"ReadAction","target":["https:\/\/lebusmagique.ch\/soiree-de-fin-dannee-a-la-mqsj-juin-2025\/"]}]},{"@type":"ImageObject","inLanguage":"fr-FR","@id":"https:\/\/lebusmagique.ch\/soiree-de-fin-dannee-a-la-mqsj-juin-2025\/#primaryimage","url":"https:\/\/lebusmagique.ch\/imagesgk\/2025\/07\/Les-Bus-Magique-14.06.25-96-blog.jpg","contentUrl":"https:\/\/lebusmagique.ch\/imagesgk\/2025\/07\/Les-Bus-Magique-14.06.25-96-blog.jpg","width":640,"height":640},{"@type":"BreadcrumbList","@id":"https:\/\/lebusmagique.ch\/soiree-de-fin-dannee-a-la-mqsj-juin-2025\/#breadcrumb","itemListElement":[{"@type":"ListItem","position":1,"name":"Accueil","item":"https:\/\/lebusmagique.ch\/"},{"@type":"ListItem","position":2,"name":"Soir\u00e9e de fin d\u2019ann\u00e9e \u00e0 la MQSJ \u2013 juin 2025"}]},{"@type":"WebSite","@id":"https:\/\/lebusmagique.ch\/#website","url":"https:\/\/lebusmagique.ch\/","name":"Le Bus Magique","description":"\u00c9cole d\u2019ateliers de musique actuelle","publisher":{"@id":"https:\/\/lebusmagique.ch\/#organization"},"potentialAction":[{"@type":"SearchAction","target":{"@type":"EntryPoint","urlTemplate":"https:\/\/lebusmagique.ch\/?s={search_term_string}"},"query-input":{"@type":"PropertyValueSpecification","valueRequired":true,"valueName":"search_term_string"}}],"inLanguage":"fr-FR"},{"@type":"Organization","@id":"https:\/\/lebusmagique.ch\/#organization","name":"Le Bus Magique","url":"https:\/\/lebusmagique.ch\/","logo":{"@type":"ImageObject","inLanguage":"fr-FR","@id":"https:\/\/lebusmagique.ch\/#\/schema\/logo\/image\/","url":"https:\/\/lebusmagique.ch\/imagesgk\/2020\/07\/logo_bus_magique.png","contentUrl":"https:\/\/lebusmagique.ch\/imagesgk\/2020\/07\/logo_bus_magique.png","width":300,"height":300,"caption":"Le Bus Magique"},"image":{"@id":"https:\/\/lebusmagique.ch\/#\/schema\/logo\/image\/"},"sameAs":["https:\/\/www.facebook.com\/Le-Bus-Magique-152529228104932\/","https:\/\/www.instagram.com\/le_bus_magique\/?hl=fr"]},{"@type":"Person","@id":"https:\/\/lebusmagique.ch\/#\/schema\/person\/7f663a4a08c5d8d38289ccd552acba6c","name":"WebMaster","image":{"@type":"ImageObject","inLanguage":"fr-FR","@id":"https:\/\/secure.gravatar.com\/avatar\/47ea711331446c0a0498a5d6f89ef04fcd956c7e1c2e7bbd44fdec048ff579ba?s=96&d=mm&r=g","url":"https:\/\/secure.gravatar.com\/avatar\/47ea711331446c0a0498a5d6f89ef04fcd956c7e1c2e7bbd44fdec048ff579ba?s=96&d=mm&r=g","contentUrl":"https:\/\/secure.gravatar.com\/avatar\/47ea711331446c0a0498a5d6f89ef04fcd956c7e1c2e7bbd44fdec048ff579ba?s=96&d=mm&r=g","caption":"WebMaster"}}]}},"_links":{"self":[{"href":"https:\/\/lebusmagique.ch\/api-json-gk\/wp\/v2\/posts\/242009","targetHints":{"allow":["GET"]}}],"collection":[{"href":"https:\/\/lebusmagique.ch\/api-json-gk\/wp\/v2\/posts"}],"about":[{"href":"https:\/\/lebusmagique.ch\/api-json-gk\/wp\/v2\/types\/post"}],"author":[{"embeddable":true,"href":"https:\/\/lebusmagique.ch\/api-json-gk\/wp\/v2\/users\/1"}],"replies":[{"embeddable":true,"href":"https:\/\/lebusmagique.ch\/api-json-gk\/wp\/v2\/comments?post=242009"}],"version-history":[{"count":4,"href":"https:\/\/lebusmagique.ch\/api-json-gk\/wp\/v2\/posts\/242009\/revisions"}],"predecessor-version":[{"id":242260,"href":"https:\/\/lebusmagique.ch\/api-json-gk\/wp\/v2\/posts\/242009\/revisions\/242260"}],"wp:featuredmedia":[{"embeddable":true,"href":"https:\/\/lebusmagique.ch\/api-json-gk\/wp\/v2\/media\/242258"}],"wp:attachment":[{"href":"https:\/\/lebusmagique.ch\/api-json-gk\/wp\/v2\/media?parent=242009"}],"wp:term":[{"taxonomy":"category","embeddable":true,"href":"https:\/\/lebusmagique.ch\/api-json-gk\/wp\/v2\/categories?post=242009"},{"taxonomy":"post_tag","embeddable":true,"href":"https:\/\/lebusmagique.ch\/api-json-gk\/wp\/v2\/tags?post=242009"}],"curies":[{"name":"wp","href":"https:\/\/api.w.org\/{rel}","templated":true}]}}